{"id":1,"date":"2024-07-09T07:55:00","date_gmt":"2024-07-09T07:55:00","guid":{"rendered":"https:\/\/handelneg.com\/?p=1"},"modified":"2024-07-09T17:00:20","modified_gmt":"2024-07-09T17:00:20","slug":"lambrines-de-madera-nordica-tratada-termicamente","status":"publish","type":"post","link":"https:\/\/handelneg.com\/index.php\/2024\/07\/09\/lambrines-de-madera-nordica-tratada-termicamente\/","title":{"rendered":"La Revoluci\u00f3n de la Arquitectura con Lambrines de Madera N\u00f3rdica Tratada T\u00e9rmicamente"},"content":{"rendered":"\n<p>La arquitectura es una disciplina en constante evoluci\u00f3n que busca combinar est\u00e9tica, funcionalidad y sostenibilidad. En este contexto, los materiales juegan un papel crucial. Uno de los avances m\u00e1s emocionantes en los \u00faltimos a\u00f1os es el uso de <a href=\"https:\/\/handelneg.com\/index.php\/productos\/luna-trio-26x92-pino-nordico\/\" data-type=\"link\" data-id=\"https:\/\/handelneg.com\/index.php\/productos\/luna-trio-26x92-pino-nordico\/\"><mark style=\"background-color:rgba(0, 0, 0, 0)\" class=\"has-inline-color has-vivid-cyan-blue-color\"><em>lambrines<\/em> <em>fabricados con madera n\u00f3rdica<\/em> <em>tratada con m\u00e9todos t\u00e9rmicos a base de vapor de agua<\/em><\/mark><\/a>. Esta innovadora t\u00e9cnica ofrece numerosas ventajas que transforman la manera en que dise\u00f1amos y construimos nuestros espacios.<\/p>\n\n\n\n\n\n\n\n\n\n\n\n<p><strong>\u00bfQu\u00e9 son los <em>Lambrines<\/em> de <em>Madera N\u00f3rdica Tratada T\u00e9rmicamente<\/em>?<\/strong><\/p>\n\n\n\n<p>Los <em>lambrines<\/em> son <em>paneles de madera<\/em> que se utilizan para revestir paredes y techos, proporcionando una apariencia c\u00e1lida y natural. La <em><a href=\"https:\/\/handelneg.com\/index.php\/productos\/luna-trim-20x142-hidden-nailing-black\/\" data-type=\"link\" data-id=\"https:\/\/handelneg.com\/index.php\/productos\/luna-trim-20x142-hidden-nailing-black\/\"><mark style=\"background-color:rgba(0, 0, 0, 0)\" class=\"has-inline-color has-vivid-cyan-blue-color\">madera n\u00f3rdica<\/mark><\/a><\/em>, conocida por su durabilidad y belleza, se somete a un tratamiento t\u00e9rmico con vapor de agua, un proceso que modifica sus propiedades f\u00edsicas y qu\u00edmicas sin la necesidad de productos qu\u00edmicos adicionales.<\/p>\n\n\n\n<div class=\"wp-block-media-text is-stacked-on-mobile\"><figure class=\"wp-block-media-text__media\"><img decoding=\"async\" width=\"640\" height=\"480\" src=\"https:\/\/handelneg.com\/wp-content\/uploads\/2024\/06\/imagen_2024-06-07_122121945.png\" alt=\"\" class=\"wp-image-1987 size-full\" srcset=\"https:\/\/handelneg.com\/wp-content\/uploads\/2024\/06\/imagen_2024-06-07_122121945.png 640w, https:\/\/handelneg.com\/wp-content\/uploads\/2024\/06\/imagen_2024-06-07_122121945-300x225.png 300w, https:\/\/handelneg.com\/wp-content\/uploads\/2024\/06\/imagen_2024-06-07_122121945-500x375.png 500w, https:\/\/handelneg.com\/wp-content\/uploads\/2024\/06\/imagen_2024-06-07_122121945-600x450.png 600w\" sizes=\"(max-width: 640px) 100vw, 640px\" \/><\/figure><div class=\"wp-block-media-text__content\">\n\n\n<p><strong>Estabilidad Dimensional:<\/strong> La<a href=\"https:\/\/handelneg.com\/index.php\/productos\/luna-5hp-profix-26x140-2\/\" data-type=\"link\" data-id=\"https:\/\/handelneg.com\/index.php\/productos\/luna-5hp-profix-26x140-2\/\"> <mark style=\"background-color:rgba(0, 0, 0, 0)\" class=\"has-inline-color has-vivid-cyan-blue-color\"><em>madera<\/em> <em>tratada t\u00e9rmicamente<\/em><\/mark><\/a> es menos propensa a deformarse, hincharse o encogerse con los cambios de temperatura y humedad. Esto garantiza que los <em><a href=\"https:\/\/handelneg.com\/index.php\/productos\/luna-trio-32x140-pino-nordico\/\" data-type=\"link\" data-id=\"https:\/\/handelneg.com\/index.php\/productos\/luna-trio-32x140-pino-nordico\/\"><mark style=\"background-color:rgba(0, 0, 0, 0)\" class=\"has-inline-color has-vivid-cyan-blue-color\">lambrines<\/mark><\/a><\/em> mantengan su forma y apariencia a lo largo del tiempo, reduciendo la necesidad de mantenimiento y reemplazo.<\/p>\n<\/div><\/div>\n\n\n\n\n\n<div class=\"wp-block-media-text has-media-on-the-right is-stacked-on-mobile\"><div class=\"wp-block-media-text__content\">\n\n\n<p><strong>Sostenibilidad:<\/strong> La <em><a href=\"https:\/\/handelneg.com\/index.php\/productos\/luna-shp-42x92-2\/\" data-type=\"link\" data-id=\"https:\/\/handelneg.com\/index.php\/productos\/luna-shp-42x92-2\/\"><mark style=\"background-color:rgba(0, 0, 0, 0)\" class=\"has-inline-color has-vivid-cyan-blue-color\">madera n\u00f3rdica<\/mark><\/a><\/em> proviene de bosques gestionados de manera sostenible. El proceso de tratamiento t\u00e9rmico utiliza solo vapor de agua, eliminando la necesidad de qu\u00edmicos t\u00f3xicos. Esto hace que los <a href=\"https:\/\/handelneg.com\/index.php\/productos\/luna-5hp-profix-26x140-2\/\" data-type=\"link\" data-id=\"https:\/\/handelneg.com\/index.php\/productos\/luna-5hp-profix-26x140-2\/\"><em><mark style=\"background-color:rgba(0, 0, 0, 0)\" class=\"has-inline-color has-vivid-cyan-blue-color\">lambrines<\/mark><\/em> <\/a>sean una opci\u00f3n ecol\u00f3gica, alineada con las tendencias de construcci\u00f3n sostenible y respeto al medio ambiente.<\/p>\n<\/div><figure class=\"wp-block-media-text__media\"><img decoding=\"async\" width=\"1015\" height=\"768\" src=\"https:\/\/handelneg.com\/wp-content\/uploads\/2024\/06\/cuahyocan.webp\" alt=\"\" class=\"wp-image-2052 size-full\" srcset=\"https:\/\/handelneg.com\/wp-content\/uploads\/2024\/06\/cuahyocan.webp 1015w, https:\/\/handelneg.com\/wp-content\/uploads\/2024\/06\/cuahyocan-300x227.webp 300w, https:\/\/handelneg.com\/wp-content\/uploads\/2024\/06\/cuahyocan-768x581.webp 768w, https:\/\/handelneg.com\/wp-content\/uploads\/2024\/06\/cuahyocan-900x681.webp 900w, https:\/\/handelneg.com\/wp-content\/uploads\/2024\/06\/cuahyocan-500x378.webp 500w, https:\/\/handelneg.com\/wp-content\/uploads\/2024\/06\/cuahyocan-600x454.webp 600w\" sizes=\"(max-width: 1015px) 100vw, 1015px\" \/><\/figure><\/div>\n\n\n\n\n\n<div class=\"wp-block-media-text is-stacked-on-mobile\"><figure class=\"wp-block-media-text__media\"><img decoding=\"async\" width=\"768\" height=\"1024\" src=\"https:\/\/handelneg.com\/wp-content\/uploads\/2024\/06\/IMG_8246-copia-768x1024.webp\" alt=\"\" class=\"wp-image-2116 size-full\" srcset=\"https:\/\/handelneg.com\/wp-content\/uploads\/2024\/06\/IMG_8246-copia-768x1024.webp 768w, https:\/\/handelneg.com\/wp-content\/uploads\/2024\/06\/IMG_8246-copia-225x300.webp 225w, https:\/\/handelneg.com\/wp-content\/uploads\/2024\/06\/IMG_8246-copia-1152x1536.webp 1152w, https:\/\/handelneg.com\/wp-content\/uploads\/2024\/06\/IMG_8246-copia-1536x2048.webp 1536w, https:\/\/handelneg.com\/wp-content\/uploads\/2024\/06\/IMG_8246-copia-900x1200.webp 900w, https:\/\/handelneg.com\/wp-content\/uploads\/2024\/06\/IMG_8246-copia-500x667.webp 500w, https:\/\/handelneg.com\/wp-content\/uploads\/2024\/06\/IMG_8246-copia-450x600.webp 450w, https:\/\/handelneg.com\/wp-content\/uploads\/2024\/06\/IMG_8246-copia-scaled.webp 1920w\" sizes=\"(max-width: 768px) 100vw, 768px\" \/><\/figure><div class=\"wp-block-media-text__content\">\n<p><strong>Est\u00e9tica Superior:<\/strong> El tratamiento t\u00e9rmico realza los tonos naturales y la textura de la <em>madera<\/em>, ofreciendo un acabado m\u00e1s rico y atractivo. Los<a href=\"https:\/\/handelneg.com\/index.php\/productos\/luna-half-parallelogram-28-42x42-2\/\" data-type=\"link\" data-id=\"https:\/\/handelneg.com\/index.php\/productos\/luna-half-parallelogram-28-42x42-2\/\"> <em><mark style=\"background-color:rgba(0, 0, 0, 0)\" class=\"has-inline-color has-vivid-cyan-blue-color\">lambrines tratados t\u00e9rmicamente<\/mark><\/em><\/a> aportan una elegancia natural a cualquier espacio, desde interiores modernos hasta estilos m\u00e1s tradicionales.<\/p>\n<\/div><\/div>\n\n\n\n\n\n<div class=\"wp-block-media-text has-media-on-the-right is-stacked-on-mobile\"><div class=\"wp-block-media-text__content\">\n<p><strong>Aislamiento T\u00e9rmico y Ac\u00fastico<\/strong>: <\/p>\n\n\n\n<p>La <em><a href=\"https:\/\/handelneg.com\/index.php\/productos\/luna-5hp-profix-26x140-3\/\" data-type=\"link\" data-id=\"https:\/\/handelneg.com\/index.php\/productos\/luna-5hp-profix-26x140-3\/\"><mark style=\"background-color:rgba(0, 0, 0, 0)\" class=\"has-inline-color has-vivid-cyan-blue-color\">madera tratada t\u00e9rmicamente<\/mark><\/a><\/em> conserva sus propiedades de aislamiento, ayudando a mantener una temperatura agradable y reduciendo la transmisi\u00f3n de ruido. Esto contribuye a crear ambientes m\u00e1s confortables y eficientes energ\u00e9ticamente.<\/p>\n<\/div><figure class=\"wp-block-media-text__media\"><img decoding=\"async\" width=\"768\" height=\"1024\" src=\"https:\/\/handelneg.com\/wp-content\/uploads\/2024\/06\/WHSA8098-copia-768x1024.jpg\" alt=\"\" class=\"wp-image-2119 size-full\" srcset=\"https:\/\/handelneg.com\/wp-content\/uploads\/2024\/06\/WHSA8098-copia-768x1024.jpg 768w, https:\/\/handelneg.com\/wp-content\/uploads\/2024\/06\/WHSA8098-copia-225x300.jpg 225w, https:\/\/handelneg.com\/wp-content\/uploads\/2024\/06\/WHSA8098-copia-1152x1536.jpg 1152w, https:\/\/handelneg.com\/wp-content\/uploads\/2024\/06\/WHSA8098-copia-1536x2048.jpg 1536w, https:\/\/handelneg.com\/wp-content\/uploads\/2024\/06\/WHSA8098-copia-900x1200.jpg 900w, https:\/\/handelneg.com\/wp-content\/uploads\/2024\/06\/WHSA8098-copia-500x667.jpg 500w, https:\/\/handelneg.com\/wp-content\/uploads\/2024\/06\/WHSA8098-copia-450x600.jpg 450w, https:\/\/handelneg.com\/wp-content\/uploads\/2024\/06\/WHSA8098-copia-scaled.jpg 1920w\" sizes=\"(max-width: 768px) 100vw, 768px\" \/><\/figure><\/div>\n\n\n\n\n\n<div class=\"wp-block-media-text is-stacked-on-mobile\"><figure class=\"wp-block-media-text__media\"><img decoding=\"async\" width=\"768\" height=\"1024\" src=\"https:\/\/handelneg.com\/wp-content\/uploads\/2024\/06\/IMG_8247-copia-768x1024.webp\" alt=\"\" class=\"wp-image-2117 size-full\" srcset=\"https:\/\/handelneg.com\/wp-content\/uploads\/2024\/06\/IMG_8247-copia-768x1024.webp 768w, https:\/\/handelneg.com\/wp-content\/uploads\/2024\/06\/IMG_8247-copia-225x300.webp 225w, https:\/\/handelneg.com\/wp-content\/uploads\/2024\/06\/IMG_8247-copia-1152x1536.webp 1152w, https:\/\/handelneg.com\/wp-content\/uploads\/2024\/06\/IMG_8247-copia-1536x2048.webp 1536w, https:\/\/handelneg.com\/wp-content\/uploads\/2024\/06\/IMG_8247-copia-900x1200.webp 900w, https:\/\/handelneg.com\/wp-content\/uploads\/2024\/06\/IMG_8247-copia-500x667.webp 500w, https:\/\/handelneg.com\/wp-content\/uploads\/2024\/06\/IMG_8247-copia-450x600.webp 450w, https:\/\/handelneg.com\/wp-content\/uploads\/2024\/06\/IMG_8247-copia-scaled.webp 1920w\" sizes=\"(max-width: 768px) 100vw, 768px\" \/><\/figure><div class=\"wp-block-media-text__content\">\n<p><strong>Versatilidad en el Dise\u00f1o:<\/strong> Los <em><a href=\"https:\/\/handelneg.com\/index.php\/productos\/luna-trio-26x92-pino-nordico\/\" data-type=\"link\" data-id=\"https:\/\/handelneg.com\/index.php\/productos\/luna-trio-26x92-pino-nordico\/\"><mark style=\"background-color:rgba(0, 0, 0, 0)\" class=\"has-inline-color has-vivid-cyan-blue-color\">lambrines de madera n\u00f3rdica tratada t\u00e9rmicamente<\/mark><\/a><\/em> se pueden utilizar en una amplia gama de aplicaciones, tanto en interiores como en exteriores. Su capacidad para resistir las condiciones clim\u00e1ticas adversas los hace ideales para fachadas, mientras que su belleza los convierte en una excelente opci\u00f3n para el <a href=\"https:\/\/handelneg.com\/index.php\/productos\/luna-trio-32x140-pino-nordico\/\" data-type=\"link\" data-id=\"https:\/\/handelneg.com\/index.php\/productos\/luna-trio-32x140-pino-nordico\/\"><mark style=\"background-color:rgba(0, 0, 0, 0)\" class=\"has-inline-color has-vivid-cyan-blue-color\">revestimiento de paredes interiores<\/mark><\/a> y techos.<\/p>\n<\/div><\/div>\n\n\n\n\n\n\n\n\n\n<p>El uso de <em><a href=\"https:\/\/handelneg.com\/index.php\/productos\/luna-trim-20x142-hidden-nailing-2\/\" data-type=\"link\" data-id=\"https:\/\/handelneg.com\/index.php\/productos\/luna-trim-20x142-hidden-nailing-2\/\"><mark style=\"background-color:rgba(0, 0, 0, 0)\" class=\"has-inline-color has-vivid-cyan-blue-color\">lambrines de madera n\u00f3rdica tratada t\u00e9rmicamente<\/mark><\/a><\/em> representa una innovaci\u00f3n significativa en el campo de la arquitectura. No solo mejora la durabilidad y la estabilidad de los <em><a href=\"https:\/\/handelneg.com\/index.php\/productos\/luna-trio-32x140-pino-nordico\/\" data-type=\"link\" data-id=\"https:\/\/handelneg.com\/index.php\/productos\/luna-trio-32x140-pino-nordico\/\"><mark style=\"background-color:rgba(0, 0, 0, 0)\" class=\"has-inline-color has-vivid-cyan-blue-color\">revestimientos de madera<\/mark><\/a><\/em>, sino que tambi\u00e9n promueve pr\u00e1cticas sostenibles y ofrece una est\u00e9tica superior. Al optar por este material, arquitectos y dise\u00f1adores pueden crear espacios que son a la vez funcionales, hermosos y responsables con el medio ambiente. La <em><a href=\"https:\/\/handelneg.com\/index.php\/productos\/luna-5hp-profix-26x140-2\/\" data-type=\"link\" data-id=\"https:\/\/handelneg.com\/index.php\/productos\/luna-5hp-profix-26x140-2\/\"><mark style=\"background-color:rgba(0, 0, 0, 0)\" class=\"has-inline-color has-vivid-cyan-blue-color\">madera n\u00f3rdica tratada t\u00e9rmicamente<\/mark><\/a><\/em> es, sin duda, un aliado poderoso en la construcci\u00f3n del futuro.<\/p>\n","protected":false},"excerpt":{"rendered":"<p>La arquitectura es una disciplina en constante evoluci\u00f3n que busca combinar est\u00e9tica, funcionalidad y sostenibilidad. En este contexto, los materiales juegan un [&hellip;]<\/p>\n","protected":false},"author":1,"featured_media":2225,"comment_status":"closed","ping_status":"closed","sticky":false,"template":"","format":"standard","meta":{"_eb_attr":"","footnotes":""},"categories":[21],"tags":[],"class_list":["post-1","post","type-post","status-publish","format-standard","has-post-thumbnail","hentry","category-blog","col-md-3 col-sm-3"],"yoast_head":"<!-- This site is optimized with the Yoast SEO plugin v27.4 - https:\/\/yoast.com\/product\/yoast-seo-wordpress\/ -->\n<title>La Revoluci\u00f3n de la Arquitectura con Lambrines de Madera N\u00f3rdica Tratada T\u00e9rmicamente -<\/title>\n<meta name=\"description\" content=\"La arquitectura es una disciplina en constante evoluci\u00f3n que busca combinar est\u00e9tica, funcionalidad y sostenibilidad. En este contexto, los materiales juegan un papel crucial. Uno de los avances m\u00e1s emocionantes en los \u00faltimos a\u00f1os es el uso de lambrines fabricados con madera n\u00f3rdica tratada con m\u00e9todos t\u00e9rmicos a base de vapor de agua. Esta innovadora t\u00e9cnica ofrece numerosas ventajas que transforman la manera en que dise\u00f1amos y construimos nuestros espacios.\" \/>\n<meta name=\"robots\" content=\"index, follow, max-snippet:-1, max-image-preview:large, max-video-preview:-1\" \/>\n<link rel=\"canonical\" href=\"https:\/\/handelneg.com\/index.php\/2024\/07\/09\/lambrines-de-madera-nordica-tratada-termicamente\/\" \/>\n<meta property=\"og:locale\" content=\"es_ES\" \/>\n<meta property=\"og:type\" content=\"article\" \/>\n<meta property=\"og:title\" content=\"La Revoluci\u00f3n de la Arquitectura con Lambrines de Madera N\u00f3rdica Tratada T\u00e9rmicamente -\" \/>\n<meta property=\"og:description\" content=\"La arquitectura es una disciplina en constante evoluci\u00f3n que busca combinar est\u00e9tica, funcionalidad y sostenibilidad. En este contexto, los materiales juegan un papel crucial. Uno de los avances m\u00e1s emocionantes en los \u00faltimos a\u00f1os es el uso de lambrines fabricados con madera n\u00f3rdica tratada con m\u00e9todos t\u00e9rmicos a base de vapor de agua. Esta innovadora t\u00e9cnica ofrece numerosas ventajas que transforman la manera en que dise\u00f1amos y construimos nuestros espacios.\" \/>\n<meta property=\"og:url\" content=\"https:\/\/handelneg.com\/index.php\/2024\/07\/09\/lambrines-de-madera-nordica-tratada-termicamente\/\" \/>\n<meta property=\"article:published_time\" content=\"2024-07-09T07:55:00+00:00\" \/>\n<meta property=\"article:modified_time\" content=\"2024-07-09T17:00:20+00:00\" \/>\n<meta property=\"og:image\" content=\"https:\/\/handelneg.com\/wp-content\/uploads\/2024\/02\/WhatsApp-Image-2021-11-01-at-8.jpg\" \/>\n\t<meta property=\"og:image:width\" content=\"1280\" \/>\n\t<meta property=\"og:image:height\" content=\"876\" \/>\n\t<meta property=\"og:image:type\" content=\"image\/jpeg\" \/>\n<meta name=\"author\" content=\"admin\" \/>\n<meta name=\"twitter:card\" content=\"summary_large_image\" \/>\n<meta name=\"twitter:label1\" content=\"Escrito por\" \/>\n\t<meta name=\"twitter:data1\" content=\"admin\" \/>\n\t<meta name=\"twitter:label2\" content=\"Tiempo de lectura\" \/>\n\t<meta name=\"twitter:data2\" content=\"4 minutos\" \/>\n<script type=\"application\/ld+json\" class=\"yoast-schema-graph\">{\"@context\":\"https:\\\/\\\/schema.org\",\"@graph\":[{\"@type\":\"Article\",\"@id\":\"https:\\\/\\\/handelneg.com\\\/index.php\\\/2024\\\/07\\\/09\\\/lambrines-de-madera-nordica-tratada-termicamente\\\/#article\",\"isPartOf\":{\"@id\":\"https:\\\/\\\/handelneg.com\\\/index.php\\\/2024\\\/07\\\/09\\\/lambrines-de-madera-nordica-tratada-termicamente\\\/\"},\"author\":{\"name\":\"admin\",\"@id\":\"https:\\\/\\\/handelneg.com\\\/#\\\/schema\\\/person\\\/8db4ab52ec98f365e4adde4ae46efbf8\"},\"headline\":\"La Revoluci\u00f3n de la Arquitectura con Lambrines de Madera N\u00f3rdica Tratada T\u00e9rmicamente\",\"datePublished\":\"2024-07-09T07:55:00+00:00\",\"dateModified\":\"2024-07-09T17:00:20+00:00\",\"mainEntityOfPage\":{\"@id\":\"https:\\\/\\\/handelneg.com\\\/index.php\\\/2024\\\/07\\\/09\\\/lambrines-de-madera-nordica-tratada-termicamente\\\/\"},\"wordCount\":506,\"image\":{\"@id\":\"https:\\\/\\\/handelneg.com\\\/index.php\\\/2024\\\/07\\\/09\\\/lambrines-de-madera-nordica-tratada-termicamente\\\/#primaryimage\"},\"thumbnailUrl\":\"https:\\\/\\\/handelneg.com\\\/wp-content\\\/uploads\\\/2024\\\/02\\\/WhatsApp-Image-2021-11-01-at-8.jpg\",\"articleSection\":[\"Blog\"],\"inLanguage\":\"es\"},{\"@type\":\"WebPage\",\"@id\":\"https:\\\/\\\/handelneg.com\\\/index.php\\\/2024\\\/07\\\/09\\\/lambrines-de-madera-nordica-tratada-termicamente\\\/\",\"url\":\"https:\\\/\\\/handelneg.com\\\/index.php\\\/2024\\\/07\\\/09\\\/lambrines-de-madera-nordica-tratada-termicamente\\\/\",\"name\":\"La Revoluci\u00f3n de la Arquitectura con Lambrines de Madera N\u00f3rdica Tratada T\u00e9rmicamente -\",\"isPartOf\":{\"@id\":\"https:\\\/\\\/handelneg.com\\\/#website\"},\"primaryImageOfPage\":{\"@id\":\"https:\\\/\\\/handelneg.com\\\/index.php\\\/2024\\\/07\\\/09\\\/lambrines-de-madera-nordica-tratada-termicamente\\\/#primaryimage\"},\"image\":{\"@id\":\"https:\\\/\\\/handelneg.com\\\/index.php\\\/2024\\\/07\\\/09\\\/lambrines-de-madera-nordica-tratada-termicamente\\\/#primaryimage\"},\"thumbnailUrl\":\"https:\\\/\\\/handelneg.com\\\/wp-content\\\/uploads\\\/2024\\\/02\\\/WhatsApp-Image-2021-11-01-at-8.jpg\",\"datePublished\":\"2024-07-09T07:55:00+00:00\",\"dateModified\":\"2024-07-09T17:00:20+00:00\",\"author\":{\"@id\":\"https:\\\/\\\/handelneg.com\\\/#\\\/schema\\\/person\\\/8db4ab52ec98f365e4adde4ae46efbf8\"},\"description\":\"La arquitectura es una disciplina en constante evoluci\u00f3n que busca combinar est\u00e9tica, funcionalidad y sostenibilidad. En este contexto, los materiales juegan un papel crucial. Uno de los avances m\u00e1s emocionantes en los \u00faltimos a\u00f1os es el uso de lambrines fabricados con madera n\u00f3rdica tratada con m\u00e9todos t\u00e9rmicos a base de vapor de agua. Esta innovadora t\u00e9cnica ofrece numerosas ventajas que transforman la manera en que dise\u00f1amos y construimos nuestros espacios.\",\"breadcrumb\":{\"@id\":\"https:\\\/\\\/handelneg.com\\\/index.php\\\/2024\\\/07\\\/09\\\/lambrines-de-madera-nordica-tratada-termicamente\\\/#breadcrumb\"},\"inLanguage\":\"es\",\"potentialAction\":[{\"@type\":\"ReadAction\",\"target\":[\"https:\\\/\\\/handelneg.com\\\/index.php\\\/2024\\\/07\\\/09\\\/lambrines-de-madera-nordica-tratada-termicamente\\\/\"]}]},{\"@type\":\"ImageObject\",\"inLanguage\":\"es\",\"@id\":\"https:\\\/\\\/handelneg.com\\\/index.php\\\/2024\\\/07\\\/09\\\/lambrines-de-madera-nordica-tratada-termicamente\\\/#primaryimage\",\"url\":\"https:\\\/\\\/handelneg.com\\\/wp-content\\\/uploads\\\/2024\\\/02\\\/WhatsApp-Image-2021-11-01-at-8.jpg\",\"contentUrl\":\"https:\\\/\\\/handelneg.com\\\/wp-content\\\/uploads\\\/2024\\\/02\\\/WhatsApp-Image-2021-11-01-at-8.jpg\",\"width\":1280,\"height\":876},{\"@type\":\"BreadcrumbList\",\"@id\":\"https:\\\/\\\/handelneg.com\\\/index.php\\\/2024\\\/07\\\/09\\\/lambrines-de-madera-nordica-tratada-termicamente\\\/#breadcrumb\",\"itemListElement\":[{\"@type\":\"ListItem\",\"position\":1,\"name\":\"Portada\",\"item\":\"https:\\\/\\\/handelneg.com\\\/\"},{\"@type\":\"ListItem\",\"position\":2,\"name\":\"La Revoluci\u00f3n de la Arquitectura con Lambrines de Madera N\u00f3rdica Tratada T\u00e9rmicamente\"}]},{\"@type\":\"WebSite\",\"@id\":\"https:\\\/\\\/handelneg.com\\\/#website\",\"url\":\"https:\\\/\\\/handelneg.com\\\/\",\"name\":\"\",\"description\":\"\",\"potentialAction\":[{\"@type\":\"SearchAction\",\"target\":{\"@type\":\"EntryPoint\",\"urlTemplate\":\"https:\\\/\\\/handelneg.com\\\/?s={search_term_string}\"},\"query-input\":{\"@type\":\"PropertyValueSpecification\",\"valueRequired\":true,\"valueName\":\"search_term_string\"}}],\"inLanguage\":\"es\"},{\"@type\":\"Person\",\"@id\":\"https:\\\/\\\/handelneg.com\\\/#\\\/schema\\\/person\\\/8db4ab52ec98f365e4adde4ae46efbf8\",\"name\":\"admin\",\"image\":{\"@type\":\"ImageObject\",\"inLanguage\":\"es\",\"@id\":\"https:\\\/\\\/secure.gravatar.com\\\/avatar\\\/dcf04697b4b459360facd7f82ee887ee971864c6b586a84bea34d51ce2318f52?s=96&d=mm&r=g\",\"url\":\"https:\\\/\\\/secure.gravatar.com\\\/avatar\\\/dcf04697b4b459360facd7f82ee887ee971864c6b586a84bea34d51ce2318f52?s=96&d=mm&r=g\",\"contentUrl\":\"https:\\\/\\\/secure.gravatar.com\\\/avatar\\\/dcf04697b4b459360facd7f82ee887ee971864c6b586a84bea34d51ce2318f52?s=96&d=mm&r=g\",\"caption\":\"admin\"},\"sameAs\":[\"https:\\\/\\\/handelneg.com\"],\"url\":\"https:\\\/\\\/handelneg.com\\\/index.php\\\/author\\\/rafedel0210\\\/\"}]}<\/script>\n<!-- \/ Yoast SEO plugin. -->","yoast_head_json":{"title":"La Revoluci\u00f3n de la Arquitectura con Lambrines de Madera N\u00f3rdica Tratada T\u00e9rmicamente -","description":"La arquitectura es una disciplina en constante evoluci\u00f3n que busca combinar est\u00e9tica, funcionalidad y sostenibilidad. En este contexto, los materiales juegan un papel crucial. Uno de los avances m\u00e1s emocionantes en los \u00faltimos a\u00f1os es el uso de lambrines fabricados con madera n\u00f3rdica tratada con m\u00e9todos t\u00e9rmicos a base de vapor de agua. Esta innovadora t\u00e9cnica ofrece numerosas ventajas que transforman la manera en que dise\u00f1amos y construimos nuestros espacios.","robots":{"index":"index","follow":"follow","max-snippet":"max-snippet:-1","max-image-preview":"max-image-preview:large","max-video-preview":"max-video-preview:-1"},"canonical":"https:\/\/handelneg.com\/index.php\/2024\/07\/09\/lambrines-de-madera-nordica-tratada-termicamente\/","og_locale":"es_ES","og_type":"article","og_title":"La Revoluci\u00f3n de la Arquitectura con Lambrines de Madera N\u00f3rdica Tratada T\u00e9rmicamente -","og_description":"La arquitectura es una disciplina en constante evoluci\u00f3n que busca combinar est\u00e9tica, funcionalidad y sostenibilidad. En este contexto, los materiales juegan un papel crucial. Uno de los avances m\u00e1s emocionantes en los \u00faltimos a\u00f1os es el uso de lambrines fabricados con madera n\u00f3rdica tratada con m\u00e9todos t\u00e9rmicos a base de vapor de agua. Esta innovadora t\u00e9cnica ofrece numerosas ventajas que transforman la manera en que dise\u00f1amos y construimos nuestros espacios.","og_url":"https:\/\/handelneg.com\/index.php\/2024\/07\/09\/lambrines-de-madera-nordica-tratada-termicamente\/","article_published_time":"2024-07-09T07:55:00+00:00","article_modified_time":"2024-07-09T17:00:20+00:00","og_image":[{"width":1280,"height":876,"url":"https:\/\/handelneg.com\/wp-content\/uploads\/2024\/02\/WhatsApp-Image-2021-11-01-at-8.jpg","type":"image\/jpeg"}],"author":"admin","twitter_card":"summary_large_image","twitter_misc":{"Escrito por":"admin","Tiempo de lectura":"4 minutos"},"schema":{"@context":"https:\/\/schema.org","@graph":[{"@type":"Article","@id":"https:\/\/handelneg.com\/index.php\/2024\/07\/09\/lambrines-de-madera-nordica-tratada-termicamente\/#article","isPartOf":{"@id":"https:\/\/handelneg.com\/index.php\/2024\/07\/09\/lambrines-de-madera-nordica-tratada-termicamente\/"},"author":{"name":"admin","@id":"https:\/\/handelneg.com\/#\/schema\/person\/8db4ab52ec98f365e4adde4ae46efbf8"},"headline":"La Revoluci\u00f3n de la Arquitectura con Lambrines de Madera N\u00f3rdica Tratada T\u00e9rmicamente","datePublished":"2024-07-09T07:55:00+00:00","dateModified":"2024-07-09T17:00:20+00:00","mainEntityOfPage":{"@id":"https:\/\/handelneg.com\/index.php\/2024\/07\/09\/lambrines-de-madera-nordica-tratada-termicamente\/"},"wordCount":506,"image":{"@id":"https:\/\/handelneg.com\/index.php\/2024\/07\/09\/lambrines-de-madera-nordica-tratada-termicamente\/#primaryimage"},"thumbnailUrl":"https:\/\/handelneg.com\/wp-content\/uploads\/2024\/02\/WhatsApp-Image-2021-11-01-at-8.jpg","articleSection":["Blog"],"inLanguage":"es"},{"@type":"WebPage","@id":"https:\/\/handelneg.com\/index.php\/2024\/07\/09\/lambrines-de-madera-nordica-tratada-termicamente\/","url":"https:\/\/handelneg.com\/index.php\/2024\/07\/09\/lambrines-de-madera-nordica-tratada-termicamente\/","name":"La Revoluci\u00f3n de la Arquitectura con Lambrines de Madera N\u00f3rdica Tratada T\u00e9rmicamente -","isPartOf":{"@id":"https:\/\/handelneg.com\/#website"},"primaryImageOfPage":{"@id":"https:\/\/handelneg.com\/index.php\/2024\/07\/09\/lambrines-de-madera-nordica-tratada-termicamente\/#primaryimage"},"image":{"@id":"https:\/\/handelneg.com\/index.php\/2024\/07\/09\/lambrines-de-madera-nordica-tratada-termicamente\/#primaryimage"},"thumbnailUrl":"https:\/\/handelneg.com\/wp-content\/uploads\/2024\/02\/WhatsApp-Image-2021-11-01-at-8.jpg","datePublished":"2024-07-09T07:55:00+00:00","dateModified":"2024-07-09T17:00:20+00:00","author":{"@id":"https:\/\/handelneg.com\/#\/schema\/person\/8db4ab52ec98f365e4adde4ae46efbf8"},"description":"La arquitectura es una disciplina en constante evoluci\u00f3n que busca combinar est\u00e9tica, funcionalidad y sostenibilidad. En este contexto, los materiales juegan un papel crucial. Uno de los avances m\u00e1s emocionantes en los \u00faltimos a\u00f1os es el uso de lambrines fabricados con madera n\u00f3rdica tratada con m\u00e9todos t\u00e9rmicos a base de vapor de agua. Esta innovadora t\u00e9cnica ofrece numerosas ventajas que transforman la manera en que dise\u00f1amos y construimos nuestros espacios.","breadcrumb":{"@id":"https:\/\/handelneg.com\/index.php\/2024\/07\/09\/lambrines-de-madera-nordica-tratada-termicamente\/#breadcrumb"},"inLanguage":"es","potentialAction":[{"@type":"ReadAction","target":["https:\/\/handelneg.com\/index.php\/2024\/07\/09\/lambrines-de-madera-nordica-tratada-termicamente\/"]}]},{"@type":"ImageObject","inLanguage":"es","@id":"https:\/\/handelneg.com\/index.php\/2024\/07\/09\/lambrines-de-madera-nordica-tratada-termicamente\/#primaryimage","url":"https:\/\/handelneg.com\/wp-content\/uploads\/2024\/02\/WhatsApp-Image-2021-11-01-at-8.jpg","contentUrl":"https:\/\/handelneg.com\/wp-content\/uploads\/2024\/02\/WhatsApp-Image-2021-11-01-at-8.jpg","width":1280,"height":876},{"@type":"BreadcrumbList","@id":"https:\/\/handelneg.com\/index.php\/2024\/07\/09\/lambrines-de-madera-nordica-tratada-termicamente\/#breadcrumb","itemListElement":[{"@type":"ListItem","position":1,"name":"Portada","item":"https:\/\/handelneg.com\/"},{"@type":"ListItem","position":2,"name":"La Revoluci\u00f3n de la Arquitectura con Lambrines de Madera N\u00f3rdica Tratada T\u00e9rmicamente"}]},{"@type":"WebSite","@id":"https:\/\/handelneg.com\/#website","url":"https:\/\/handelneg.com\/","name":"","description":"","potentialAction":[{"@type":"SearchAction","target":{"@type":"EntryPoint","urlTemplate":"https:\/\/handelneg.com\/?s={search_term_string}"},"query-input":{"@type":"PropertyValueSpecification","valueRequired":true,"valueName":"search_term_string"}}],"inLanguage":"es"},{"@type":"Person","@id":"https:\/\/handelneg.com\/#\/schema\/person\/8db4ab52ec98f365e4adde4ae46efbf8","name":"admin","image":{"@type":"ImageObject","inLanguage":"es","@id":"https:\/\/secure.gravatar.com\/avatar\/dcf04697b4b459360facd7f82ee887ee971864c6b586a84bea34d51ce2318f52?s=96&d=mm&r=g","url":"https:\/\/secure.gravatar.com\/avatar\/dcf04697b4b459360facd7f82ee887ee971864c6b586a84bea34d51ce2318f52?s=96&d=mm&r=g","contentUrl":"https:\/\/secure.gravatar.com\/avatar\/dcf04697b4b459360facd7f82ee887ee971864c6b586a84bea34d51ce2318f52?s=96&d=mm&r=g","caption":"admin"},"sameAs":["https:\/\/handelneg.com"],"url":"https:\/\/handelneg.com\/index.php\/author\/rafedel0210\/"}]}},"_links":{"self":[{"href":"https:\/\/handelneg.com\/index.php\/wp-json\/wp\/v2\/posts\/1","targetHints":{"allow":["GET"]}}],"collection":[{"href":"https:\/\/handelneg.com\/index.php\/wp-json\/wp\/v2\/posts"}],"about":[{"href":"https:\/\/handelneg.com\/index.php\/wp-json\/wp\/v2\/types\/post"}],"author":[{"embeddable":true,"href":"https:\/\/handelneg.com\/index.php\/wp-json\/wp\/v2\/users\/1"}],"replies":[{"embeddable":true,"href":"https:\/\/handelneg.com\/index.php\/wp-json\/wp\/v2\/comments?post=1"}],"version-history":[{"count":7,"href":"https:\/\/handelneg.com\/index.php\/wp-json\/wp\/v2\/posts\/1\/revisions"}],"predecessor-version":[{"id":2236,"href":"https:\/\/handelneg.com\/index.php\/wp-json\/wp\/v2\/posts\/1\/revisions\/2236"}],"wp:featuredmedia":[{"embeddable":true,"href":"https:\/\/handelneg.com\/index.php\/wp-json\/wp\/v2\/media\/2225"}],"wp:attachment":[{"href":"https:\/\/handelneg.com\/index.php\/wp-json\/wp\/v2\/media?parent=1"}],"wp:term":[{"taxonomy":"category","embeddable":true,"href":"https:\/\/handelneg.com\/index.php\/wp-json\/wp\/v2\/categories?post=1"},{"taxonomy":"post_tag","embeddable":true,"href":"https:\/\/handelneg.com\/index.php\/wp-json\/wp\/v2\/tags?post=1"}],"curies":[{"name":"wp","href":"https:\/\/api.w.org\/{rel}","templated":true}]}}